{"id":258,"date":"2023-07-27T10:38:38","date_gmt":"2023-07-27T08:38:38","guid":{"rendered":"https:\/\/storydox.de\/2023\/07\/27\/die-kraft-der-geschichte-und-geschichten\/"},"modified":"2024-11-12T20:41:02","modified_gmt":"2024-11-12T19:41:02","slug":"die-kraft-der-geschichte-und-geschichten","status":"publish","type":"post","link":"https:\/\/storydox.de\/en\/2023\/07\/27\/die-kraft-der-geschichte-und-geschichten\/","title":{"rendered":"Die Kraft der Geschichte und Geschichten"},"content":{"rendered":"<p>Geschichten treiben an. Keiner kauft sich ein Auto allein, weil es einen von A nach B bringen kann. Die in Aussicht gestellte Freude am Fahren oder der zu verbuchende Gewinn an Freiheit, das Unabh\u00e4ngigkeitsversprechen oder die Komfortausstattungen geben bei vielen K\u00e4ufern den Ausschlag. Werden die Aussichten auf den Genuss dieser oder jener Annehmlichkeiten getr\u00fcbt, halten sich die Konsumenten mit Kaufentscheidungen zur\u00fcck. Zur\u00fcckhaltung ist auch bei den in ihre Unternehmen zur\u00fcckkehrenden Mitarbeitern zu sp\u00fcren. Viele fragen sich bang, wie es weiter gehen wird? Nicht nur praktisch an ihrem Arbeitsplatz, sondern auch und vor allem unternehmerisch: K\u00f6nnen die Umsatzeinbu\u00dfen wett gemacht werden, bleiben die bestehenden Jobs auf Dauer erhalten? Vorhersagen sind bekanntlich vor allem dann schwierig, wenn sie die Zukunft betreffen sollen. Die Vergangenheit kann aber auch in diesem Fall helfen, Sorgen zu nehmen, Antworten zu geben. Schlie\u00dflich ist die Corona-Krise nicht die erste Krise, die Menschen, Unternehmen und Nationen getroffen hat. Im Gegenteil, Krisen pr\u00e4gen die Geschichte, die immer wieder von deren \u00dcberwindung erz\u00e4hlt. Insofern ist in der schwierigen Gegenwart die Vergangenheit das Kapital der Zukunft. Es muss nur gut angelegt sein und gewinnbringend kommuniziert werden. Das sind die Aufgaben von Archivaren und Historikern: Sie sichern die Vergangenheit, um sie heute f\u00fcr Morgen nutzen zu k\u00f6nnen. Denn die Geschichte treibt an, macht Mut, gibt Zuversicht. Belegt, begr\u00fcndet, glaubw\u00fcrdig.<\/p>","protected":false},"excerpt":{"rendered":"<p>Geschichten treiben an. Keiner kauft sich ein Auto allein, weil es einen von A nach B bringen kann. Die in Aussicht gestellte Freude am Fahren oder der zu verbuchende Gewinn an Freiheit, das Unabh\u00e4ngigkeitsversprechen oder die Komfortausstattungen geben bei vielen K\u00e4ufern den Ausschlag. Werden die Aussichten auf den Genuss dieser oder jener Annehmlichkeiten getr\u00fcbt, halten [&hellip;]<\/p>\n","protected":false},"author":2,"featured_media":302,"comment_status":"closed","ping_status":"closed","sticky":false,"template":"","format":"standard","meta":{"_acf_changed":false,"footnotes":""},"categories":[4],"tags":[],"class_list":["post-258","post","type-post","status-publish","format-standard","has-post-thumbnail","hentry","category-reflexion"],"acf":[],"yoast_head":"<!-- This site is optimized with the Yoast SEO plugin v27.4 - https:\/\/yoast.com\/product\/yoast-seo-wordpress\/ -->\n<title>Die Kraft der Geschichte und Geschichten - storydox.de<\/title>\n<meta name=\"description\" content=\"Geschichten treiben an. Sie sind das Kapital der Zukunft. Gerade in Krisen wie heute birgt die Geschichte Inspiration.\" \/>\n<meta name=\"robots\" content=\"index, follow, max-snippet:-1, max-image-preview:large, max-video-preview:-1\" \/>\n<link rel=\"canonical\" href=\"https:\/\/storydox.de\/en\/2023\/07\/27\/die-kraft-der-geschichte-und-geschichten\/\" \/>\n<meta property=\"og:locale\" content=\"en_GB\" \/>\n<meta property=\"og:type\" content=\"article\" \/>\n<meta property=\"og:title\" content=\"Die Kraft der Geschichte und Geschichten - storydox.de\" \/>\n<meta property=\"og:description\" content=\"Geschichten treiben an. Sie sind das Kapital der Zukunft. Gerade in Krisen wie heute birgt die Geschichte Inspiration.\" \/>\n<meta property=\"og:url\" content=\"https:\/\/storydox.de\/en\/2023\/07\/27\/die-kraft-der-geschichte-und-geschichten\/\" \/>\n<meta property=\"og:site_name\" content=\"storydox.de\" \/>\n<meta property=\"article:published_time\" content=\"2023-07-27T08:38:38+00:00\" \/>\n<meta property=\"article:modified_time\" content=\"2024-11-12T19:41:02+00:00\" \/>\n<meta property=\"og:image\" content=\"https:\/\/storydox.de\/wp-content\/uploads\/2023\/07\/4ff81ee8962ca7e4.jpg\" \/>\n\t<meta property=\"og:image:width\" content=\"1500\" \/>\n\t<meta property=\"og:image:height\" content=\"1002\" \/>\n\t<meta property=\"og:image:type\" content=\"image\/jpeg\" \/>\n<meta name=\"author\" content=\"Dr. Claus W. Sch\u00e4fer\" \/>\n<meta name=\"twitter:card\" content=\"summary_large_image\" \/>\n<meta name=\"twitter:label1\" content=\"Written by\" \/>\n\t<meta name=\"twitter:data1\" content=\"Dr. Claus W. Sch\u00e4fer\" \/>\n\t<meta name=\"twitter:label2\" content=\"Estimated reading time\" \/>\n\t<meta name=\"twitter:data2\" content=\"2 minutes\" \/>\n<script type=\"application\/ld+json\" class=\"yoast-schema-graph\">{\"@context\":\"https:\\\/\\\/schema.org\",\"@graph\":[{\"@type\":\"Article\",\"@id\":\"https:\\\/\\\/storydox.de\\\/2023\\\/07\\\/27\\\/die-kraft-der-geschichte-und-geschichten\\\/#article\",\"isPartOf\":{\"@id\":\"https:\\\/\\\/storydox.de\\\/2023\\\/07\\\/27\\\/die-kraft-der-geschichte-und-geschichten\\\/\"},\"author\":{\"name\":\"Dr. Claus W. Sch\u00e4fer\",\"@id\":\"https:\\\/\\\/storydox.de\\\/#\\\/schema\\\/person\\\/433f383d05c76f80a500a0e6d9daa214\"},\"headline\":\"Die Kraft der Geschichte und Geschichten\",\"datePublished\":\"2023-07-27T08:38:38+00:00\",\"dateModified\":\"2024-11-12T19:41:02+00:00\",\"mainEntityOfPage\":{\"@id\":\"https:\\\/\\\/storydox.de\\\/2023\\\/07\\\/27\\\/die-kraft-der-geschichte-und-geschichten\\\/\"},\"wordCount\":239,\"image\":{\"@id\":\"https:\\\/\\\/storydox.de\\\/2023\\\/07\\\/27\\\/die-kraft-der-geschichte-und-geschichten\\\/#primaryimage\"},\"thumbnailUrl\":\"https:\\\/\\\/storydox.de\\\/wp-content\\\/uploads\\\/2023\\\/07\\\/4ff81ee8962ca7e4.jpg\",\"articleSection\":[\"Reflexion\"],\"inLanguage\":\"en-GB\"},{\"@type\":\"WebPage\",\"@id\":\"https:\\\/\\\/storydox.de\\\/2023\\\/07\\\/27\\\/die-kraft-der-geschichte-und-geschichten\\\/\",\"url\":\"https:\\\/\\\/storydox.de\\\/2023\\\/07\\\/27\\\/die-kraft-der-geschichte-und-geschichten\\\/\",\"name\":\"Die Kraft der Geschichte und Geschichten - storydox.de\",\"isPartOf\":{\"@id\":\"https:\\\/\\\/storydox.de\\\/#website\"},\"primaryImageOfPage\":{\"@id\":\"https:\\\/\\\/storydox.de\\\/2023\\\/07\\\/27\\\/die-kraft-der-geschichte-und-geschichten\\\/#primaryimage\"},\"image\":{\"@id\":\"https:\\\/\\\/storydox.de\\\/2023\\\/07\\\/27\\\/die-kraft-der-geschichte-und-geschichten\\\/#primaryimage\"},\"thumbnailUrl\":\"https:\\\/\\\/storydox.de\\\/wp-content\\\/uploads\\\/2023\\\/07\\\/4ff81ee8962ca7e4.jpg\",\"datePublished\":\"2023-07-27T08:38:38+00:00\",\"dateModified\":\"2024-11-12T19:41:02+00:00\",\"author\":{\"@id\":\"https:\\\/\\\/storydox.de\\\/#\\\/schema\\\/person\\\/433f383d05c76f80a500a0e6d9daa214\"},\"description\":\"Geschichten treiben an. Sie sind das Kapital der Zukunft. Gerade in Krisen wie heute birgt die Geschichte Inspiration.\",\"breadcrumb\":{\"@id\":\"https:\\\/\\\/storydox.de\\\/2023\\\/07\\\/27\\\/die-kraft-der-geschichte-und-geschichten\\\/#breadcrumb\"},\"inLanguage\":\"en-GB\",\"potentialAction\":[{\"@type\":\"ReadAction\",\"target\":[\"https:\\\/\\\/storydox.de\\\/2023\\\/07\\\/27\\\/die-kraft-der-geschichte-und-geschichten\\\/\"]}]},{\"@type\":\"ImageObject\",\"inLanguage\":\"en-GB\",\"@id\":\"https:\\\/\\\/storydox.de\\\/2023\\\/07\\\/27\\\/die-kraft-der-geschichte-und-geschichten\\\/#primaryimage\",\"url\":\"https:\\\/\\\/storydox.de\\\/wp-content\\\/uploads\\\/2023\\\/07\\\/4ff81ee8962ca7e4.jpg\",\"contentUrl\":\"https:\\\/\\\/storydox.de\\\/wp-content\\\/uploads\\\/2023\\\/07\\\/4ff81ee8962ca7e4.jpg\",\"width\":1500,\"height\":1002},{\"@type\":\"BreadcrumbList\",\"@id\":\"https:\\\/\\\/storydox.de\\\/2023\\\/07\\\/27\\\/die-kraft-der-geschichte-und-geschichten\\\/#breadcrumb\",\"itemListElement\":[{\"@type\":\"ListItem\",\"position\":1,\"name\":\"Startseite\",\"item\":\"https:\\\/\\\/storydox.de\\\/\"},{\"@type\":\"ListItem\",\"position\":2,\"name\":\"Die Kraft der Geschichte und Geschichten\"}]},{\"@type\":\"WebSite\",\"@id\":\"https:\\\/\\\/storydox.de\\\/#website\",\"url\":\"https:\\\/\\\/storydox.de\\\/\",\"name\":\"storydox.de\",\"description\":\"\",\"potentialAction\":[{\"@type\":\"SearchAction\",\"target\":{\"@type\":\"EntryPoint\",\"urlTemplate\":\"https:\\\/\\\/storydox.de\\\/?s={search_term_string}\"},\"query-input\":{\"@type\":\"PropertyValueSpecification\",\"valueRequired\":true,\"valueName\":\"search_term_string\"}}],\"inLanguage\":\"en-GB\"},{\"@type\":\"Person\",\"@id\":\"https:\\\/\\\/storydox.de\\\/#\\\/schema\\\/person\\\/433f383d05c76f80a500a0e6d9daa214\",\"name\":\"Dr. Claus W. Sch\u00e4fer\",\"image\":{\"@type\":\"ImageObject\",\"inLanguage\":\"en-GB\",\"@id\":\"https:\\\/\\\/secure.gravatar.com\\\/avatar\\\/50f791b318b69223f42673538cd1744fb0ced553fa74e7bc2e07c496327607a2?s=96&d=mm&r=g\",\"url\":\"https:\\\/\\\/secure.gravatar.com\\\/avatar\\\/50f791b318b69223f42673538cd1744fb0ced553fa74e7bc2e07c496327607a2?s=96&d=mm&r=g\",\"contentUrl\":\"https:\\\/\\\/secure.gravatar.com\\\/avatar\\\/50f791b318b69223f42673538cd1744fb0ced553fa74e7bc2e07c496327607a2?s=96&d=mm&r=g\",\"caption\":\"Dr. Claus W. Sch\u00e4fer\"},\"url\":\"https:\\\/\\\/storydox.de\\\/en\\\/author\\\/25f230af17980c9f\\\/\"}]}<\/script>\n<!-- \/ Yoast SEO plugin. -->","yoast_head_json":{"title":"Die Kraft der Geschichte und Geschichten - storydox.de","description":"Geschichten treiben an. Sie sind das Kapital der Zukunft. Gerade in Krisen wie heute birgt die Geschichte Inspiration.","robots":{"index":"index","follow":"follow","max-snippet":"max-snippet:-1","max-image-preview":"max-image-preview:large","max-video-preview":"max-video-preview:-1"},"canonical":"https:\/\/storydox.de\/en\/2023\/07\/27\/die-kraft-der-geschichte-und-geschichten\/","og_locale":"en_GB","og_type":"article","og_title":"Die Kraft der Geschichte und Geschichten - storydox.de","og_description":"Geschichten treiben an. Sie sind das Kapital der Zukunft. Gerade in Krisen wie heute birgt die Geschichte Inspiration.","og_url":"https:\/\/storydox.de\/en\/2023\/07\/27\/die-kraft-der-geschichte-und-geschichten\/","og_site_name":"storydox.de","article_published_time":"2023-07-27T08:38:38+00:00","article_modified_time":"2024-11-12T19:41:02+00:00","og_image":[{"width":1500,"height":1002,"url":"https:\/\/storydox.de\/wp-content\/uploads\/2023\/07\/4ff81ee8962ca7e4.jpg","type":"image\/jpeg"}],"author":"Dr. Claus W. Sch\u00e4fer","twitter_card":"summary_large_image","twitter_misc":{"Written by":"Dr. Claus W. Sch\u00e4fer","Estimated reading time":"2 minutes"},"schema":{"@context":"https:\/\/schema.org","@graph":[{"@type":"Article","@id":"https:\/\/storydox.de\/2023\/07\/27\/die-kraft-der-geschichte-und-geschichten\/#article","isPartOf":{"@id":"https:\/\/storydox.de\/2023\/07\/27\/die-kraft-der-geschichte-und-geschichten\/"},"author":{"name":"Dr. Claus W. Sch\u00e4fer","@id":"https:\/\/storydox.de\/#\/schema\/person\/433f383d05c76f80a500a0e6d9daa214"},"headline":"Die Kraft der Geschichte und Geschichten","datePublished":"2023-07-27T08:38:38+00:00","dateModified":"2024-11-12T19:41:02+00:00","mainEntityOfPage":{"@id":"https:\/\/storydox.de\/2023\/07\/27\/die-kraft-der-geschichte-und-geschichten\/"},"wordCount":239,"image":{"@id":"https:\/\/storydox.de\/2023\/07\/27\/die-kraft-der-geschichte-und-geschichten\/#primaryimage"},"thumbnailUrl":"https:\/\/storydox.de\/wp-content\/uploads\/2023\/07\/4ff81ee8962ca7e4.jpg","articleSection":["Reflexion"],"inLanguage":"en-GB"},{"@type":"WebPage","@id":"https:\/\/storydox.de\/2023\/07\/27\/die-kraft-der-geschichte-und-geschichten\/","url":"https:\/\/storydox.de\/2023\/07\/27\/die-kraft-der-geschichte-und-geschichten\/","name":"Die Kraft der Geschichte und Geschichten - storydox.de","isPartOf":{"@id":"https:\/\/storydox.de\/#website"},"primaryImageOfPage":{"@id":"https:\/\/storydox.de\/2023\/07\/27\/die-kraft-der-geschichte-und-geschichten\/#primaryimage"},"image":{"@id":"https:\/\/storydox.de\/2023\/07\/27\/die-kraft-der-geschichte-und-geschichten\/#primaryimage"},"thumbnailUrl":"https:\/\/storydox.de\/wp-content\/uploads\/2023\/07\/4ff81ee8962ca7e4.jpg","datePublished":"2023-07-27T08:38:38+00:00","dateModified":"2024-11-12T19:41:02+00:00","author":{"@id":"https:\/\/storydox.de\/#\/schema\/person\/433f383d05c76f80a500a0e6d9daa214"},"description":"Geschichten treiben an. Sie sind das Kapital der Zukunft. Gerade in Krisen wie heute birgt die Geschichte Inspiration.","breadcrumb":{"@id":"https:\/\/storydox.de\/2023\/07\/27\/die-kraft-der-geschichte-und-geschichten\/#breadcrumb"},"inLanguage":"en-GB","potentialAction":[{"@type":"ReadAction","target":["https:\/\/storydox.de\/2023\/07\/27\/die-kraft-der-geschichte-und-geschichten\/"]}]},{"@type":"ImageObject","inLanguage":"en-GB","@id":"https:\/\/storydox.de\/2023\/07\/27\/die-kraft-der-geschichte-und-geschichten\/#primaryimage","url":"https:\/\/storydox.de\/wp-content\/uploads\/2023\/07\/4ff81ee8962ca7e4.jpg","contentUrl":"https:\/\/storydox.de\/wp-content\/uploads\/2023\/07\/4ff81ee8962ca7e4.jpg","width":1500,"height":1002},{"@type":"BreadcrumbList","@id":"https:\/\/storydox.de\/2023\/07\/27\/die-kraft-der-geschichte-und-geschichten\/#breadcrumb","itemListElement":[{"@type":"ListItem","position":1,"name":"Startseite","item":"https:\/\/storydox.de\/"},{"@type":"ListItem","position":2,"name":"Die Kraft der Geschichte und Geschichten"}]},{"@type":"WebSite","@id":"https:\/\/storydox.de\/#website","url":"https:\/\/storydox.de\/","name":"storydox.de","description":"","potentialAction":[{"@type":"SearchAction","target":{"@type":"EntryPoint","urlTemplate":"https:\/\/storydox.de\/?s={search_term_string}"},"query-input":{"@type":"PropertyValueSpecification","valueRequired":true,"valueName":"search_term_string"}}],"inLanguage":"en-GB"},{"@type":"Person","@id":"https:\/\/storydox.de\/#\/schema\/person\/433f383d05c76f80a500a0e6d9daa214","name":"Dr. Claus W. Sch\u00e4fer","image":{"@type":"ImageObject","inLanguage":"en-GB","@id":"https:\/\/secure.gravatar.com\/avatar\/50f791b318b69223f42673538cd1744fb0ced553fa74e7bc2e07c496327607a2?s=96&d=mm&r=g","url":"https:\/\/secure.gravatar.com\/avatar\/50f791b318b69223f42673538cd1744fb0ced553fa74e7bc2e07c496327607a2?s=96&d=mm&r=g","contentUrl":"https:\/\/secure.gravatar.com\/avatar\/50f791b318b69223f42673538cd1744fb0ced553fa74e7bc2e07c496327607a2?s=96&d=mm&r=g","caption":"Dr. Claus W. Sch\u00e4fer"},"url":"https:\/\/storydox.de\/en\/author\/25f230af17980c9f\/"}]}},"views":56,"_links":{"self":[{"href":"https:\/\/storydox.de\/en\/wp-json\/wp\/v2\/posts\/258","targetHints":{"allow":["GET"]}}],"collection":[{"href":"https:\/\/storydox.de\/en\/wp-json\/wp\/v2\/posts"}],"about":[{"href":"https:\/\/storydox.de\/en\/wp-json\/wp\/v2\/types\/post"}],"author":[{"embeddable":true,"href":"https:\/\/storydox.de\/en\/wp-json\/wp\/v2\/users\/2"}],"replies":[{"embeddable":true,"href":"https:\/\/storydox.de\/en\/wp-json\/wp\/v2\/comments?post=258"}],"version-history":[{"count":1,"href":"https:\/\/storydox.de\/en\/wp-json\/wp\/v2\/posts\/258\/revisions"}],"predecessor-version":[{"id":1553,"href":"https:\/\/storydox.de\/en\/wp-json\/wp\/v2\/posts\/258\/revisions\/1553"}],"wp:featuredmedia":[{"embeddable":true,"href":"https:\/\/storydox.de\/en\/wp-json\/wp\/v2\/media\/302"}],"wp:attachment":[{"href":"https:\/\/storydox.de\/en\/wp-json\/wp\/v2\/media?parent=258"}],"wp:term":[{"taxonomy":"category","embeddable":true,"href":"https:\/\/storydox.de\/en\/wp-json\/wp\/v2\/categories?post=258"},{"taxonomy":"post_tag","embeddable":true,"href":"https:\/\/storydox.de\/en\/wp-json\/wp\/v2\/tags?post=258"}],"curies":[{"name":"wp","href":"https:\/\/api.w.org\/{rel}","templated":true}]}}