{"id":256,"date":"2023-07-27T10:38:38","date_gmt":"2023-07-27T08:38:38","guid":{"rendered":"https:\/\/storydox.de\/2023\/07\/27\/von-den-gefahren-in-der-demokratie\/"},"modified":"2025-04-25T07:17:17","modified_gmt":"2025-04-25T05:17:17","slug":"von-den-gefahren-in-der-demokratie","status":"publish","type":"post","link":"https:\/\/storydox.de\/en\/2023\/07\/27\/von-den-gefahren-in-der-demokratie\/","title":{"rendered":"Von den Gefahren in der Demokratie"},"content":{"rendered":"<p>Dass so mancher Bundesb\u00fcrger gegen die massive Einschr\u00e4nkung der Freiheitsrechte aufgrund der Corona-Pandemie am Wochenende auf die Stra\u00dfe ging, ist eigentlich ein gutes Zeichen. Es entkr\u00e4ftet das un\u00fcberh\u00f6rbare Gerede von einer \u201eDiktatur\u201c, in der gerade solches Demonstrieren nicht so ohne weiteres m\u00f6glich w\u00e4re.<\/p>\n<p><strong>Bed\u00fcrfnis nach F\u00fchrung<\/strong><\/p>\n<p>Gleichwohl ist auch in demokratischen Gesellschaften die \u201eGefahr des Despotismus\u201c nicht zu untersch\u00e4tzen, wie schon Alexis de Tocqueville in seiner nach wie vor lesenswerten Analyse \u201e\u00dcber die Demokratie in Amerika\u201c festgehalten hat. Zur \u201eGefahr\u201c werden nach Ansicht des Analytikers aus dem 19. Jahrhunderts nicht die Schw\u00e4che der demokratischen Institutionen oder der gerne unterstellte Machthunger der Politiker, sondern das Bed\u00fcrfnis der Menschen, \u201egef\u00fchrt zu werden\u201c. Jeder Einzelne lasse sich in einer Demokratie \u201ewillig fesseln\u201c, weil \u00fcber die gew\u00e4hlte Regierung gleichsam \u201edas Volk selbst das Ende der Kette\u201c h\u00e4lt.<\/p>\n<p><strong>Eintr\u00fcbung des Verstandes<\/strong><\/p>\n<p>Diese Art der freiwilligen \u201eUnfreiheit\u201c ist nicht ungef\u00e4hrlich. Sie bringt die Betroffenen zwar nicht zur Verzweiflung, aber dahin, \u201eauf den Gebrauch ihres Willens zu verzichten. Sie tr\u00fcbt langsam ihren Verstand und entkr\u00e4ftet ihre Seele\u201c bis die Menschen nach und nach die \u201eF\u00e4higkeit einb\u00fc\u00dfen, selbstst\u00e4ndig zu denken, zu f\u00fchlen und zu handeln\u201c.<\/p>\n<p><strong>Verlust der Empathie<\/strong><\/p>\n<p>Zumindest ihre Handlungsbereitschaft haben die Demonstranten vom Wochenende unter Beweis gestellt. Die an den Tag gelegte Aggressivit\u00e4t und die zum Ausdruck gebrachten Ansichten lassen jedoch an den anderen F\u00e4higkeiten zweifeln, die auch den Menschen ausmachen. (Abb.: akg-images)<\/p>\n<p><a href=\"https:\/\/storydox.de\/en\/2025\/03\/24\/trump-would-have-dealt-with-hitler\/\">Trump would have dealt with Hitler<\/a><\/p>","protected":false},"excerpt":{"rendered":"<p>Dass so mancher Bundesb\u00fcrger gegen die massive Einschr\u00e4nkung der Freiheitsrechte aufgrund der Corona-Pandemie am Wochenende auf die Stra\u00dfe ging, ist eigentlich ein gutes Zeichen. Es entkr\u00e4ftet das un\u00fcberh\u00f6rbare Gerede von einer \u201eDiktatur\u201c, in der gerade solches Demonstrieren nicht so ohne weiteres m\u00f6glich w\u00e4re. Bed\u00fcrfnis nach F\u00fchrung Gleichwohl ist auch in demokratischen Gesellschaften die \u201eGefahr des [&hellip;]<\/p>\n","protected":false},"author":2,"featured_media":310,"comment_status":"closed","ping_status":"closed","sticky":false,"template":"","format":"standard","meta":{"_acf_changed":false,"footnotes":""},"categories":[4],"tags":[21,19],"class_list":["post-256","post","type-post","status-publish","format-standard","has-post-thumbnail","hentry","category-reflexion","tag-historymarketing","tag-storytelling"],"acf":[],"yoast_head":"<!-- This site is optimized with the Yoast SEO plugin v27.4 - https:\/\/yoast.com\/product\/yoast-seo-wordpress\/ -->\n<title>Von den Gefahren in der Demokratie - storydox.de<\/title>\n<meta name=\"description\" content=\"Oder wie das Bed\u00fcrfnis nach F\u00fchrung die Menschen dazu bringt, \u201eauf den Gebrauch ihres Willens zu verzichten\u201c und sie die \u201eF\u00e4higkeit einb\u00fc\u00dfen, selbstst\u00e4ndig zu denken, zu f\u00fchlen und zu handeln\u201c.\" \/>\n<meta name=\"robots\" content=\"index, follow, max-snippet:-1, max-image-preview:large, max-video-preview:-1\" \/>\n<link rel=\"canonical\" href=\"https:\/\/storydox.de\/en\/2023\/07\/27\/von-den-gefahren-in-der-demokratie\/\" \/>\n<meta property=\"og:locale\" content=\"en_GB\" \/>\n<meta property=\"og:type\" content=\"article\" \/>\n<meta property=\"og:title\" content=\"Von den Gefahren in der Demokratie - storydox.de\" \/>\n<meta property=\"og:description\" content=\"Oder wie das Bed\u00fcrfnis nach F\u00fchrung die Menschen dazu bringt, \u201eauf den Gebrauch ihres Willens zu verzichten\u201c und sie die \u201eF\u00e4higkeit einb\u00fc\u00dfen, selbstst\u00e4ndig zu denken, zu f\u00fchlen und zu handeln\u201c.\" \/>\n<meta property=\"og:url\" content=\"https:\/\/storydox.de\/en\/2023\/07\/27\/von-den-gefahren-in-der-demokratie\/\" \/>\n<meta property=\"og:site_name\" content=\"storydox.de\" \/>\n<meta property=\"article:published_time\" content=\"2023-07-27T08:38:38+00:00\" \/>\n<meta property=\"article:modified_time\" content=\"2025-04-25T05:17:17+00:00\" \/>\n<meta property=\"og:image\" content=\"https:\/\/storydox.de\/wp-content\/uploads\/2023\/07\/47e2203ecfe923b9.jpg\" \/>\n\t<meta property=\"og:image:width\" content=\"560\" \/>\n\t<meta property=\"og:image:height\" content=\"728\" \/>\n\t<meta property=\"og:image:type\" content=\"image\/jpeg\" \/>\n<meta name=\"author\" content=\"Dr. Claus W. Sch\u00e4fer\" \/>\n<meta name=\"twitter:card\" content=\"summary_large_image\" \/>\n<meta name=\"twitter:label1\" content=\"Written by\" \/>\n\t<meta name=\"twitter:data1\" content=\"Dr. Claus W. Sch\u00e4fer\" \/>\n\t<meta name=\"twitter:label2\" content=\"Estimated reading time\" \/>\n\t<meta name=\"twitter:data2\" content=\"2 minutes\" \/>\n<script type=\"application\/ld+json\" class=\"yoast-schema-graph\">{\"@context\":\"https:\\\/\\\/schema.org\",\"@graph\":[{\"@type\":\"Article\",\"@id\":\"https:\\\/\\\/storydox.de\\\/2023\\\/07\\\/27\\\/von-den-gefahren-in-der-demokratie\\\/#article\",\"isPartOf\":{\"@id\":\"https:\\\/\\\/storydox.de\\\/2023\\\/07\\\/27\\\/von-den-gefahren-in-der-demokratie\\\/\"},\"author\":{\"name\":\"Dr. Claus W. Sch\u00e4fer\",\"@id\":\"https:\\\/\\\/storydox.de\\\/#\\\/schema\\\/person\\\/433f383d05c76f80a500a0e6d9daa214\"},\"headline\":\"Von den Gefahren in der Demokratie\",\"datePublished\":\"2023-07-27T08:38:38+00:00\",\"dateModified\":\"2025-04-25T05:17:17+00:00\",\"mainEntityOfPage\":{\"@id\":\"https:\\\/\\\/storydox.de\\\/2023\\\/07\\\/27\\\/von-den-gefahren-in-der-demokratie\\\/\"},\"wordCount\":264,\"image\":{\"@id\":\"https:\\\/\\\/storydox.de\\\/2023\\\/07\\\/27\\\/von-den-gefahren-in-der-demokratie\\\/#primaryimage\"},\"thumbnailUrl\":\"https:\\\/\\\/storydox.de\\\/wp-content\\\/uploads\\\/2023\\\/07\\\/47e2203ecfe923b9.jpg\",\"keywords\":[\"historymarketing\",\"Storytelling\"],\"articleSection\":[\"Reflexion\"],\"inLanguage\":\"en-GB\"},{\"@type\":\"WebPage\",\"@id\":\"https:\\\/\\\/storydox.de\\\/2023\\\/07\\\/27\\\/von-den-gefahren-in-der-demokratie\\\/\",\"url\":\"https:\\\/\\\/storydox.de\\\/2023\\\/07\\\/27\\\/von-den-gefahren-in-der-demokratie\\\/\",\"name\":\"Von den Gefahren in der Demokratie - storydox.de\",\"isPartOf\":{\"@id\":\"https:\\\/\\\/storydox.de\\\/#website\"},\"primaryImageOfPage\":{\"@id\":\"https:\\\/\\\/storydox.de\\\/2023\\\/07\\\/27\\\/von-den-gefahren-in-der-demokratie\\\/#primaryimage\"},\"image\":{\"@id\":\"https:\\\/\\\/storydox.de\\\/2023\\\/07\\\/27\\\/von-den-gefahren-in-der-demokratie\\\/#primaryimage\"},\"thumbnailUrl\":\"https:\\\/\\\/storydox.de\\\/wp-content\\\/uploads\\\/2023\\\/07\\\/47e2203ecfe923b9.jpg\",\"datePublished\":\"2023-07-27T08:38:38+00:00\",\"dateModified\":\"2025-04-25T05:17:17+00:00\",\"author\":{\"@id\":\"https:\\\/\\\/storydox.de\\\/#\\\/schema\\\/person\\\/433f383d05c76f80a500a0e6d9daa214\"},\"description\":\"Oder wie das Bed\u00fcrfnis nach F\u00fchrung die Menschen dazu bringt, \u201eauf den Gebrauch ihres Willens zu verzichten\u201c und sie die \u201eF\u00e4higkeit einb\u00fc\u00dfen, selbstst\u00e4ndig zu denken, zu f\u00fchlen und zu handeln\u201c.\",\"breadcrumb\":{\"@id\":\"https:\\\/\\\/storydox.de\\\/2023\\\/07\\\/27\\\/von-den-gefahren-in-der-demokratie\\\/#breadcrumb\"},\"inLanguage\":\"en-GB\",\"potentialAction\":[{\"@type\":\"ReadAction\",\"target\":[\"https:\\\/\\\/storydox.de\\\/2023\\\/07\\\/27\\\/von-den-gefahren-in-der-demokratie\\\/\"]}]},{\"@type\":\"ImageObject\",\"inLanguage\":\"en-GB\",\"@id\":\"https:\\\/\\\/storydox.de\\\/2023\\\/07\\\/27\\\/von-den-gefahren-in-der-demokratie\\\/#primaryimage\",\"url\":\"https:\\\/\\\/storydox.de\\\/wp-content\\\/uploads\\\/2023\\\/07\\\/47e2203ecfe923b9.jpg\",\"contentUrl\":\"https:\\\/\\\/storydox.de\\\/wp-content\\\/uploads\\\/2023\\\/07\\\/47e2203ecfe923b9.jpg\",\"width\":560,\"height\":728},{\"@type\":\"BreadcrumbList\",\"@id\":\"https:\\\/\\\/storydox.de\\\/2023\\\/07\\\/27\\\/von-den-gefahren-in-der-demokratie\\\/#breadcrumb\",\"itemListElement\":[{\"@type\":\"ListItem\",\"position\":1,\"name\":\"Startseite\",\"item\":\"https:\\\/\\\/storydox.de\\\/\"},{\"@type\":\"ListItem\",\"position\":2,\"name\":\"Von den Gefahren in der Demokratie\"}]},{\"@type\":\"WebSite\",\"@id\":\"https:\\\/\\\/storydox.de\\\/#website\",\"url\":\"https:\\\/\\\/storydox.de\\\/\",\"name\":\"storydox.de\",\"description\":\"\",\"potentialAction\":[{\"@type\":\"SearchAction\",\"target\":{\"@type\":\"EntryPoint\",\"urlTemplate\":\"https:\\\/\\\/storydox.de\\\/?s={search_term_string}\"},\"query-input\":{\"@type\":\"PropertyValueSpecification\",\"valueRequired\":true,\"valueName\":\"search_term_string\"}}],\"inLanguage\":\"en-GB\"},{\"@type\":\"Person\",\"@id\":\"https:\\\/\\\/storydox.de\\\/#\\\/schema\\\/person\\\/433f383d05c76f80a500a0e6d9daa214\",\"name\":\"Dr. Claus W. Sch\u00e4fer\",\"image\":{\"@type\":\"ImageObject\",\"inLanguage\":\"en-GB\",\"@id\":\"https:\\\/\\\/secure.gravatar.com\\\/avatar\\\/50f791b318b69223f42673538cd1744fb0ced553fa74e7bc2e07c496327607a2?s=96&d=mm&r=g\",\"url\":\"https:\\\/\\\/secure.gravatar.com\\\/avatar\\\/50f791b318b69223f42673538cd1744fb0ced553fa74e7bc2e07c496327607a2?s=96&d=mm&r=g\",\"contentUrl\":\"https:\\\/\\\/secure.gravatar.com\\\/avatar\\\/50f791b318b69223f42673538cd1744fb0ced553fa74e7bc2e07c496327607a2?s=96&d=mm&r=g\",\"caption\":\"Dr. Claus W. Sch\u00e4fer\"},\"url\":\"https:\\\/\\\/storydox.de\\\/en\\\/author\\\/25f230af17980c9f\\\/\"}]}<\/script>\n<!-- \/ Yoast SEO plugin. -->","yoast_head_json":{"title":"Von den Gefahren in der Demokratie - storydox.de","description":"Oder wie das Bed\u00fcrfnis nach F\u00fchrung die Menschen dazu bringt, \u201eauf den Gebrauch ihres Willens zu verzichten\u201c und sie die \u201eF\u00e4higkeit einb\u00fc\u00dfen, selbstst\u00e4ndig zu denken, zu f\u00fchlen und zu handeln\u201c.","robots":{"index":"index","follow":"follow","max-snippet":"max-snippet:-1","max-image-preview":"max-image-preview:large","max-video-preview":"max-video-preview:-1"},"canonical":"https:\/\/storydox.de\/en\/2023\/07\/27\/von-den-gefahren-in-der-demokratie\/","og_locale":"en_GB","og_type":"article","og_title":"Von den Gefahren in der Demokratie - storydox.de","og_description":"Oder wie das Bed\u00fcrfnis nach F\u00fchrung die Menschen dazu bringt, \u201eauf den Gebrauch ihres Willens zu verzichten\u201c und sie die \u201eF\u00e4higkeit einb\u00fc\u00dfen, selbstst\u00e4ndig zu denken, zu f\u00fchlen und zu handeln\u201c.","og_url":"https:\/\/storydox.de\/en\/2023\/07\/27\/von-den-gefahren-in-der-demokratie\/","og_site_name":"storydox.de","article_published_time":"2023-07-27T08:38:38+00:00","article_modified_time":"2025-04-25T05:17:17+00:00","og_image":[{"width":560,"height":728,"url":"https:\/\/storydox.de\/wp-content\/uploads\/2023\/07\/47e2203ecfe923b9.jpg","type":"image\/jpeg"}],"author":"Dr. Claus W. Sch\u00e4fer","twitter_card":"summary_large_image","twitter_misc":{"Written by":"Dr. Claus W. Sch\u00e4fer","Estimated reading time":"2 minutes"},"schema":{"@context":"https:\/\/schema.org","@graph":[{"@type":"Article","@id":"https:\/\/storydox.de\/2023\/07\/27\/von-den-gefahren-in-der-demokratie\/#article","isPartOf":{"@id":"https:\/\/storydox.de\/2023\/07\/27\/von-den-gefahren-in-der-demokratie\/"},"author":{"name":"Dr. Claus W. Sch\u00e4fer","@id":"https:\/\/storydox.de\/#\/schema\/person\/433f383d05c76f80a500a0e6d9daa214"},"headline":"Von den Gefahren in der Demokratie","datePublished":"2023-07-27T08:38:38+00:00","dateModified":"2025-04-25T05:17:17+00:00","mainEntityOfPage":{"@id":"https:\/\/storydox.de\/2023\/07\/27\/von-den-gefahren-in-der-demokratie\/"},"wordCount":264,"image":{"@id":"https:\/\/storydox.de\/2023\/07\/27\/von-den-gefahren-in-der-demokratie\/#primaryimage"},"thumbnailUrl":"https:\/\/storydox.de\/wp-content\/uploads\/2023\/07\/47e2203ecfe923b9.jpg","keywords":["historymarketing","Storytelling"],"articleSection":["Reflexion"],"inLanguage":"en-GB"},{"@type":"WebPage","@id":"https:\/\/storydox.de\/2023\/07\/27\/von-den-gefahren-in-der-demokratie\/","url":"https:\/\/storydox.de\/2023\/07\/27\/von-den-gefahren-in-der-demokratie\/","name":"Von den Gefahren in der Demokratie - storydox.de","isPartOf":{"@id":"https:\/\/storydox.de\/#website"},"primaryImageOfPage":{"@id":"https:\/\/storydox.de\/2023\/07\/27\/von-den-gefahren-in-der-demokratie\/#primaryimage"},"image":{"@id":"https:\/\/storydox.de\/2023\/07\/27\/von-den-gefahren-in-der-demokratie\/#primaryimage"},"thumbnailUrl":"https:\/\/storydox.de\/wp-content\/uploads\/2023\/07\/47e2203ecfe923b9.jpg","datePublished":"2023-07-27T08:38:38+00:00","dateModified":"2025-04-25T05:17:17+00:00","author":{"@id":"https:\/\/storydox.de\/#\/schema\/person\/433f383d05c76f80a500a0e6d9daa214"},"description":"Oder wie das Bed\u00fcrfnis nach F\u00fchrung die Menschen dazu bringt, \u201eauf den Gebrauch ihres Willens zu verzichten\u201c und sie die \u201eF\u00e4higkeit einb\u00fc\u00dfen, selbstst\u00e4ndig zu denken, zu f\u00fchlen und zu handeln\u201c.","breadcrumb":{"@id":"https:\/\/storydox.de\/2023\/07\/27\/von-den-gefahren-in-der-demokratie\/#breadcrumb"},"inLanguage":"en-GB","potentialAction":[{"@type":"ReadAction","target":["https:\/\/storydox.de\/2023\/07\/27\/von-den-gefahren-in-der-demokratie\/"]}]},{"@type":"ImageObject","inLanguage":"en-GB","@id":"https:\/\/storydox.de\/2023\/07\/27\/von-den-gefahren-in-der-demokratie\/#primaryimage","url":"https:\/\/storydox.de\/wp-content\/uploads\/2023\/07\/47e2203ecfe923b9.jpg","contentUrl":"https:\/\/storydox.de\/wp-content\/uploads\/2023\/07\/47e2203ecfe923b9.jpg","width":560,"height":728},{"@type":"BreadcrumbList","@id":"https:\/\/storydox.de\/2023\/07\/27\/von-den-gefahren-in-der-demokratie\/#breadcrumb","itemListElement":[{"@type":"ListItem","position":1,"name":"Startseite","item":"https:\/\/storydox.de\/"},{"@type":"ListItem","position":2,"name":"Von den Gefahren in der Demokratie"}]},{"@type":"WebSite","@id":"https:\/\/storydox.de\/#website","url":"https:\/\/storydox.de\/","name":"storydox.de","description":"","potentialAction":[{"@type":"SearchAction","target":{"@type":"EntryPoint","urlTemplate":"https:\/\/storydox.de\/?s={search_term_string}"},"query-input":{"@type":"PropertyValueSpecification","valueRequired":true,"valueName":"search_term_string"}}],"inLanguage":"en-GB"},{"@type":"Person","@id":"https:\/\/storydox.de\/#\/schema\/person\/433f383d05c76f80a500a0e6d9daa214","name":"Dr. Claus W. Sch\u00e4fer","image":{"@type":"ImageObject","inLanguage":"en-GB","@id":"https:\/\/secure.gravatar.com\/avatar\/50f791b318b69223f42673538cd1744fb0ced553fa74e7bc2e07c496327607a2?s=96&d=mm&r=g","url":"https:\/\/secure.gravatar.com\/avatar\/50f791b318b69223f42673538cd1744fb0ced553fa74e7bc2e07c496327607a2?s=96&d=mm&r=g","contentUrl":"https:\/\/secure.gravatar.com\/avatar\/50f791b318b69223f42673538cd1744fb0ced553fa74e7bc2e07c496327607a2?s=96&d=mm&r=g","caption":"Dr. Claus W. Sch\u00e4fer"},"url":"https:\/\/storydox.de\/en\/author\/25f230af17980c9f\/"}]}},"views":86,"_links":{"self":[{"href":"https:\/\/storydox.de\/en\/wp-json\/wp\/v2\/posts\/256","targetHints":{"allow":["GET"]}}],"collection":[{"href":"https:\/\/storydox.de\/en\/wp-json\/wp\/v2\/posts"}],"about":[{"href":"https:\/\/storydox.de\/en\/wp-json\/wp\/v2\/types\/post"}],"author":[{"embeddable":true,"href":"https:\/\/storydox.de\/en\/wp-json\/wp\/v2\/users\/2"}],"replies":[{"embeddable":true,"href":"https:\/\/storydox.de\/en\/wp-json\/wp\/v2\/comments?post=256"}],"version-history":[{"count":5,"href":"https:\/\/storydox.de\/en\/wp-json\/wp\/v2\/posts\/256\/revisions"}],"predecessor-version":[{"id":2017,"href":"https:\/\/storydox.de\/en\/wp-json\/wp\/v2\/posts\/256\/revisions\/2017"}],"wp:featuredmedia":[{"embeddable":true,"href":"https:\/\/storydox.de\/en\/wp-json\/wp\/v2\/media\/310"}],"wp:attachment":[{"href":"https:\/\/storydox.de\/en\/wp-json\/wp\/v2\/media?parent=256"}],"wp:term":[{"taxonomy":"category","embeddable":true,"href":"https:\/\/storydox.de\/en\/wp-json\/wp\/v2\/categories?post=256"},{"taxonomy":"post_tag","embeddable":true,"href":"https:\/\/storydox.de\/en\/wp-json\/wp\/v2\/tags?post=256"}],"curies":[{"name":"wp","href":"https:\/\/api.w.org\/{rel}","templated":true}]}}