{"id":255,"date":"2023-07-27T10:38:38","date_gmt":"2023-07-27T08:38:38","guid":{"rendered":"https:\/\/storydox.de\/2023\/07\/27\/mehr-als-kommunalpolitischer-massentourismus\/"},"modified":"2025-05-06T12:53:08","modified_gmt":"2025-05-06T10:53:08","slug":"mehr-als-kommunalpolitischer-massentourismus","status":"publish","type":"post","link":"https:\/\/storydox.de\/en\/2023\/07\/27\/mehr-als-kommunalpolitischer-massentourismus\/","title":{"rendered":"Mehr als kommunalpolitischer Massentourismus"},"content":{"rendered":"<p>Seit den siebziger Jahren gelten die inzwischen \u00fcber 2.500 St\u00e4dtepartnerschaften als ein \u201ewesentliches Mittel zur Entwicklung eines europ\u00e4ischen Gedankens in der Bev\u00f6lkerung\u201c. Die Au\u00dfenpolitiker des alten Kontinents werden nicht m\u00fcde, die kommunalen Kontakte \u00fcber den gr\u00fcnen Klee zu loben. Das war nicht immer so.<\/p>\n<p>Lange lehnte es der Bonner Bundestag ab, \u201eeinen Topf zu schaffen, f\u00fcr Reisen von Kommunalpolitikern\u201c. Die waren der bundesdeutschen Au\u00dfenpolitik aber gerade recht, um \u201ePartnerschaftsantr\u00e4gen von St\u00e4dten aus der SBZ\u201c zuvorzukommen oder entgegenzutreten. Das war Deutschlandpolitik ums Eck. Erst die sozial-liberale Koalition etablierte die ausw\u00e4rtige Kulturpolitik als integralen Bestandteil der bundesdeutschen Au\u00dfenpolitik. Wie sich die St\u00e4dtepartnerschaften zum \u201esoliden Unterbau\u201c des \u201eeurop\u00e4ischen Geb\u00e4udes\u201c entwickelt haben, beschreibe ich in dem von Corine Defrance, Tanja Herrmann und Pia Nordblom herausgegebenen Sammelband \u201eSt\u00e4dtepartnerschaften in Europa im 20. Jahrhundert\u201c.<\/p>\n<p>&nbsp;<\/p>","protected":false},"excerpt":{"rendered":"<p>Seit den siebziger Jahren gelten die inzwischen \u00fcber 2.500 St\u00e4dtepartnerschaften als ein \u201ewesentliches Mittel zur Entwicklung eines europ\u00e4ischen Gedankens in der Bev\u00f6lkerung\u201c. Die Au\u00dfenpolitiker des alten Kontinents werden nicht m\u00fcde, die kommunalen Kontakte \u00fcber den gr\u00fcnen Klee zu loben. Das war nicht immer so. Lange lehnte es der Bonner Bundestag ab, \u201eeinen Topf zu schaffen, [&hellip;]<\/p>\n","protected":false},"author":2,"featured_media":277,"comment_status":"closed","ping_status":"closed","sticky":false,"template":"","format":"standard","meta":{"_acf_changed":false,"footnotes":""},"categories":[6],"tags":[20,23],"class_list":["post-255","post","type-post","status-publish","format-standard","has-post-thumbnail","hentry","category-research","tag-heritagecommunication","tag-storytell"],"acf":[],"yoast_head":"<!-- This site is optimized with the Yoast SEO plugin v27.4 - https:\/\/yoast.com\/product\/yoast-seo-wordpress\/ -->\n<title>Mehr als kommunalpolitischer Massentourismus - storydox.de<\/title>\n<meta name=\"description\" content=\"Wie St\u00e4dtepartnerschaften zu einem Eckpfeiler der europ\u00e4ischen Einigung wurden. Ein Beitrag von Claus W. Sch\u00e4fer.\" \/>\n<meta name=\"robots\" content=\"index, follow, max-snippet:-1, max-image-preview:large, max-video-preview:-1\" \/>\n<link rel=\"canonical\" href=\"https:\/\/storydox.de\/en\/2023\/07\/27\/mehr-als-kommunalpolitischer-massentourismus\/\" \/>\n<meta property=\"og:locale\" content=\"en_GB\" \/>\n<meta property=\"og:type\" content=\"article\" \/>\n<meta property=\"og:title\" content=\"Mehr als kommunalpolitischer Massentourismus - storydox.de\" \/>\n<meta property=\"og:description\" content=\"Wie St\u00e4dtepartnerschaften zu einem Eckpfeiler der europ\u00e4ischen Einigung wurden. Ein Beitrag von Claus W. Sch\u00e4fer.\" \/>\n<meta property=\"og:url\" content=\"https:\/\/storydox.de\/en\/2023\/07\/27\/mehr-als-kommunalpolitischer-massentourismus\/\" \/>\n<meta property=\"og:site_name\" content=\"storydox.de\" \/>\n<meta property=\"article:published_time\" content=\"2023-07-27T08:38:38+00:00\" \/>\n<meta property=\"article:modified_time\" content=\"2025-05-06T10:53:08+00:00\" \/>\n<meta property=\"og:image\" content=\"https:\/\/storydox.de\/wp-content\/uploads\/2023\/07\/917112d033edfa9d.png\" \/>\n\t<meta property=\"og:image:width\" content=\"240\" \/>\n\t<meta property=\"og:image:height\" content=\"378\" \/>\n\t<meta property=\"og:image:type\" content=\"image\/png\" \/>\n<meta name=\"author\" content=\"Dr. Claus W. Sch\u00e4fer\" \/>\n<meta name=\"twitter:card\" content=\"summary_large_image\" \/>\n<meta name=\"twitter:label1\" content=\"Written by\" \/>\n\t<meta name=\"twitter:data1\" content=\"Dr. Claus W. Sch\u00e4fer\" \/>\n\t<meta name=\"twitter:label2\" content=\"Estimated reading time\" \/>\n\t<meta name=\"twitter:data2\" content=\"1 minute\" \/>\n<script type=\"application\/ld+json\" class=\"yoast-schema-graph\">{\"@context\":\"https:\\\/\\\/schema.org\",\"@graph\":[{\"@type\":\"Article\",\"@id\":\"https:\\\/\\\/storydox.de\\\/2023\\\/07\\\/27\\\/mehr-als-kommunalpolitischer-massentourismus\\\/#article\",\"isPartOf\":{\"@id\":\"https:\\\/\\\/storydox.de\\\/2023\\\/07\\\/27\\\/mehr-als-kommunalpolitischer-massentourismus\\\/\"},\"author\":{\"name\":\"Dr. Claus W. Sch\u00e4fer\",\"@id\":\"https:\\\/\\\/storydox.de\\\/#\\\/schema\\\/person\\\/433f383d05c76f80a500a0e6d9daa214\"},\"headline\":\"Mehr als kommunalpolitischer Massentourismus\",\"datePublished\":\"2023-07-27T08:38:38+00:00\",\"dateModified\":\"2025-05-06T10:53:08+00:00\",\"mainEntityOfPage\":{\"@id\":\"https:\\\/\\\/storydox.de\\\/2023\\\/07\\\/27\\\/mehr-als-kommunalpolitischer-massentourismus\\\/\"},\"wordCount\":147,\"image\":{\"@id\":\"https:\\\/\\\/storydox.de\\\/2023\\\/07\\\/27\\\/mehr-als-kommunalpolitischer-massentourismus\\\/#primaryimage\"},\"thumbnailUrl\":\"https:\\\/\\\/storydox.de\\\/wp-content\\\/uploads\\\/2023\\\/07\\\/917112d033edfa9d.png\",\"keywords\":[\"heritagecommunication\",\"storytell\"],\"articleSection\":[\"Research\"],\"inLanguage\":\"en-GB\"},{\"@type\":\"WebPage\",\"@id\":\"https:\\\/\\\/storydox.de\\\/2023\\\/07\\\/27\\\/mehr-als-kommunalpolitischer-massentourismus\\\/\",\"url\":\"https:\\\/\\\/storydox.de\\\/2023\\\/07\\\/27\\\/mehr-als-kommunalpolitischer-massentourismus\\\/\",\"name\":\"Mehr als kommunalpolitischer Massentourismus - storydox.de\",\"isPartOf\":{\"@id\":\"https:\\\/\\\/storydox.de\\\/#website\"},\"primaryImageOfPage\":{\"@id\":\"https:\\\/\\\/storydox.de\\\/2023\\\/07\\\/27\\\/mehr-als-kommunalpolitischer-massentourismus\\\/#primaryimage\"},\"image\":{\"@id\":\"https:\\\/\\\/storydox.de\\\/2023\\\/07\\\/27\\\/mehr-als-kommunalpolitischer-massentourismus\\\/#primaryimage\"},\"thumbnailUrl\":\"https:\\\/\\\/storydox.de\\\/wp-content\\\/uploads\\\/2023\\\/07\\\/917112d033edfa9d.png\",\"datePublished\":\"2023-07-27T08:38:38+00:00\",\"dateModified\":\"2025-05-06T10:53:08+00:00\",\"author\":{\"@id\":\"https:\\\/\\\/storydox.de\\\/#\\\/schema\\\/person\\\/433f383d05c76f80a500a0e6d9daa214\"},\"description\":\"Wie St\u00e4dtepartnerschaften zu einem Eckpfeiler der europ\u00e4ischen Einigung wurden. Ein Beitrag von Claus W. Sch\u00e4fer.\",\"breadcrumb\":{\"@id\":\"https:\\\/\\\/storydox.de\\\/2023\\\/07\\\/27\\\/mehr-als-kommunalpolitischer-massentourismus\\\/#breadcrumb\"},\"inLanguage\":\"en-GB\",\"potentialAction\":[{\"@type\":\"ReadAction\",\"target\":[\"https:\\\/\\\/storydox.de\\\/2023\\\/07\\\/27\\\/mehr-als-kommunalpolitischer-massentourismus\\\/\"]}]},{\"@type\":\"ImageObject\",\"inLanguage\":\"en-GB\",\"@id\":\"https:\\\/\\\/storydox.de\\\/2023\\\/07\\\/27\\\/mehr-als-kommunalpolitischer-massentourismus\\\/#primaryimage\",\"url\":\"https:\\\/\\\/storydox.de\\\/wp-content\\\/uploads\\\/2023\\\/07\\\/917112d033edfa9d.png\",\"contentUrl\":\"https:\\\/\\\/storydox.de\\\/wp-content\\\/uploads\\\/2023\\\/07\\\/917112d033edfa9d.png\",\"width\":240,\"height\":378},{\"@type\":\"BreadcrumbList\",\"@id\":\"https:\\\/\\\/storydox.de\\\/2023\\\/07\\\/27\\\/mehr-als-kommunalpolitischer-massentourismus\\\/#breadcrumb\",\"itemListElement\":[{\"@type\":\"ListItem\",\"position\":1,\"name\":\"Startseite\",\"item\":\"https:\\\/\\\/storydox.de\\\/\"},{\"@type\":\"ListItem\",\"position\":2,\"name\":\"Mehr als kommunalpolitischer Massentourismus\"}]},{\"@type\":\"WebSite\",\"@id\":\"https:\\\/\\\/storydox.de\\\/#website\",\"url\":\"https:\\\/\\\/storydox.de\\\/\",\"name\":\"storydox.de\",\"description\":\"\",\"potentialAction\":[{\"@type\":\"SearchAction\",\"target\":{\"@type\":\"EntryPoint\",\"urlTemplate\":\"https:\\\/\\\/storydox.de\\\/?s={search_term_string}\"},\"query-input\":{\"@type\":\"PropertyValueSpecification\",\"valueRequired\":true,\"valueName\":\"search_term_string\"}}],\"inLanguage\":\"en-GB\"},{\"@type\":\"Person\",\"@id\":\"https:\\\/\\\/storydox.de\\\/#\\\/schema\\\/person\\\/433f383d05c76f80a500a0e6d9daa214\",\"name\":\"Dr. Claus W. Sch\u00e4fer\",\"image\":{\"@type\":\"ImageObject\",\"inLanguage\":\"en-GB\",\"@id\":\"https:\\\/\\\/secure.gravatar.com\\\/avatar\\\/50f791b318b69223f42673538cd1744fb0ced553fa74e7bc2e07c496327607a2?s=96&d=mm&r=g\",\"url\":\"https:\\\/\\\/secure.gravatar.com\\\/avatar\\\/50f791b318b69223f42673538cd1744fb0ced553fa74e7bc2e07c496327607a2?s=96&d=mm&r=g\",\"contentUrl\":\"https:\\\/\\\/secure.gravatar.com\\\/avatar\\\/50f791b318b69223f42673538cd1744fb0ced553fa74e7bc2e07c496327607a2?s=96&d=mm&r=g\",\"caption\":\"Dr. Claus W. Sch\u00e4fer\"},\"url\":\"https:\\\/\\\/storydox.de\\\/en\\\/author\\\/25f230af17980c9f\\\/\"}]}<\/script>\n<!-- \/ Yoast SEO plugin. -->","yoast_head_json":{"title":"Mehr als kommunalpolitischer Massentourismus - storydox.de","description":"Wie St\u00e4dtepartnerschaften zu einem Eckpfeiler der europ\u00e4ischen Einigung wurden. Ein Beitrag von Claus W. Sch\u00e4fer.","robots":{"index":"index","follow":"follow","max-snippet":"max-snippet:-1","max-image-preview":"max-image-preview:large","max-video-preview":"max-video-preview:-1"},"canonical":"https:\/\/storydox.de\/en\/2023\/07\/27\/mehr-als-kommunalpolitischer-massentourismus\/","og_locale":"en_GB","og_type":"article","og_title":"Mehr als kommunalpolitischer Massentourismus - storydox.de","og_description":"Wie St\u00e4dtepartnerschaften zu einem Eckpfeiler der europ\u00e4ischen Einigung wurden. Ein Beitrag von Claus W. Sch\u00e4fer.","og_url":"https:\/\/storydox.de\/en\/2023\/07\/27\/mehr-als-kommunalpolitischer-massentourismus\/","og_site_name":"storydox.de","article_published_time":"2023-07-27T08:38:38+00:00","article_modified_time":"2025-05-06T10:53:08+00:00","og_image":[{"width":240,"height":378,"url":"https:\/\/storydox.de\/wp-content\/uploads\/2023\/07\/917112d033edfa9d.png","type":"image\/png"}],"author":"Dr. Claus W. Sch\u00e4fer","twitter_card":"summary_large_image","twitter_misc":{"Written by":"Dr. Claus W. Sch\u00e4fer","Estimated reading time":"1 minute"},"schema":{"@context":"https:\/\/schema.org","@graph":[{"@type":"Article","@id":"https:\/\/storydox.de\/2023\/07\/27\/mehr-als-kommunalpolitischer-massentourismus\/#article","isPartOf":{"@id":"https:\/\/storydox.de\/2023\/07\/27\/mehr-als-kommunalpolitischer-massentourismus\/"},"author":{"name":"Dr. Claus W. Sch\u00e4fer","@id":"https:\/\/storydox.de\/#\/schema\/person\/433f383d05c76f80a500a0e6d9daa214"},"headline":"Mehr als kommunalpolitischer Massentourismus","datePublished":"2023-07-27T08:38:38+00:00","dateModified":"2025-05-06T10:53:08+00:00","mainEntityOfPage":{"@id":"https:\/\/storydox.de\/2023\/07\/27\/mehr-als-kommunalpolitischer-massentourismus\/"},"wordCount":147,"image":{"@id":"https:\/\/storydox.de\/2023\/07\/27\/mehr-als-kommunalpolitischer-massentourismus\/#primaryimage"},"thumbnailUrl":"https:\/\/storydox.de\/wp-content\/uploads\/2023\/07\/917112d033edfa9d.png","keywords":["heritagecommunication","storytell"],"articleSection":["Research"],"inLanguage":"en-GB"},{"@type":"WebPage","@id":"https:\/\/storydox.de\/2023\/07\/27\/mehr-als-kommunalpolitischer-massentourismus\/","url":"https:\/\/storydox.de\/2023\/07\/27\/mehr-als-kommunalpolitischer-massentourismus\/","name":"Mehr als kommunalpolitischer Massentourismus - storydox.de","isPartOf":{"@id":"https:\/\/storydox.de\/#website"},"primaryImageOfPage":{"@id":"https:\/\/storydox.de\/2023\/07\/27\/mehr-als-kommunalpolitischer-massentourismus\/#primaryimage"},"image":{"@id":"https:\/\/storydox.de\/2023\/07\/27\/mehr-als-kommunalpolitischer-massentourismus\/#primaryimage"},"thumbnailUrl":"https:\/\/storydox.de\/wp-content\/uploads\/2023\/07\/917112d033edfa9d.png","datePublished":"2023-07-27T08:38:38+00:00","dateModified":"2025-05-06T10:53:08+00:00","author":{"@id":"https:\/\/storydox.de\/#\/schema\/person\/433f383d05c76f80a500a0e6d9daa214"},"description":"Wie St\u00e4dtepartnerschaften zu einem Eckpfeiler der europ\u00e4ischen Einigung wurden. Ein Beitrag von Claus W. Sch\u00e4fer.","breadcrumb":{"@id":"https:\/\/storydox.de\/2023\/07\/27\/mehr-als-kommunalpolitischer-massentourismus\/#breadcrumb"},"inLanguage":"en-GB","potentialAction":[{"@type":"ReadAction","target":["https:\/\/storydox.de\/2023\/07\/27\/mehr-als-kommunalpolitischer-massentourismus\/"]}]},{"@type":"ImageObject","inLanguage":"en-GB","@id":"https:\/\/storydox.de\/2023\/07\/27\/mehr-als-kommunalpolitischer-massentourismus\/#primaryimage","url":"https:\/\/storydox.de\/wp-content\/uploads\/2023\/07\/917112d033edfa9d.png","contentUrl":"https:\/\/storydox.de\/wp-content\/uploads\/2023\/07\/917112d033edfa9d.png","width":240,"height":378},{"@type":"BreadcrumbList","@id":"https:\/\/storydox.de\/2023\/07\/27\/mehr-als-kommunalpolitischer-massentourismus\/#breadcrumb","itemListElement":[{"@type":"ListItem","position":1,"name":"Startseite","item":"https:\/\/storydox.de\/"},{"@type":"ListItem","position":2,"name":"Mehr als kommunalpolitischer Massentourismus"}]},{"@type":"WebSite","@id":"https:\/\/storydox.de\/#website","url":"https:\/\/storydox.de\/","name":"storydox.de","description":"","potentialAction":[{"@type":"SearchAction","target":{"@type":"EntryPoint","urlTemplate":"https:\/\/storydox.de\/?s={search_term_string}"},"query-input":{"@type":"PropertyValueSpecification","valueRequired":true,"valueName":"search_term_string"}}],"inLanguage":"en-GB"},{"@type":"Person","@id":"https:\/\/storydox.de\/#\/schema\/person\/433f383d05c76f80a500a0e6d9daa214","name":"Dr. Claus W. Sch\u00e4fer","image":{"@type":"ImageObject","inLanguage":"en-GB","@id":"https:\/\/secure.gravatar.com\/avatar\/50f791b318b69223f42673538cd1744fb0ced553fa74e7bc2e07c496327607a2?s=96&d=mm&r=g","url":"https:\/\/secure.gravatar.com\/avatar\/50f791b318b69223f42673538cd1744fb0ced553fa74e7bc2e07c496327607a2?s=96&d=mm&r=g","contentUrl":"https:\/\/secure.gravatar.com\/avatar\/50f791b318b69223f42673538cd1744fb0ced553fa74e7bc2e07c496327607a2?s=96&d=mm&r=g","caption":"Dr. Claus W. Sch\u00e4fer"},"url":"https:\/\/storydox.de\/en\/author\/25f230af17980c9f\/"}]}},"views":54,"_links":{"self":[{"href":"https:\/\/storydox.de\/en\/wp-json\/wp\/v2\/posts\/255","targetHints":{"allow":["GET"]}}],"collection":[{"href":"https:\/\/storydox.de\/en\/wp-json\/wp\/v2\/posts"}],"about":[{"href":"https:\/\/storydox.de\/en\/wp-json\/wp\/v2\/types\/post"}],"author":[{"embeddable":true,"href":"https:\/\/storydox.de\/en\/wp-json\/wp\/v2\/users\/2"}],"replies":[{"embeddable":true,"href":"https:\/\/storydox.de\/en\/wp-json\/wp\/v2\/comments?post=255"}],"version-history":[{"count":2,"href":"https:\/\/storydox.de\/en\/wp-json\/wp\/v2\/posts\/255\/revisions"}],"predecessor-version":[{"id":2060,"href":"https:\/\/storydox.de\/en\/wp-json\/wp\/v2\/posts\/255\/revisions\/2060"}],"wp:featuredmedia":[{"embeddable":true,"href":"https:\/\/storydox.de\/en\/wp-json\/wp\/v2\/media\/277"}],"wp:attachment":[{"href":"https:\/\/storydox.de\/en\/wp-json\/wp\/v2\/media?parent=255"}],"wp:term":[{"taxonomy":"category","embeddable":true,"href":"https:\/\/storydox.de\/en\/wp-json\/wp\/v2\/categories?post=255"},{"taxonomy":"post_tag","embeddable":true,"href":"https:\/\/storydox.de\/en\/wp-json\/wp\/v2\/tags?post=255"}],"curies":[{"name":"wp","href":"https:\/\/api.w.org\/{rel}","templated":true}]}}