{"id":1755,"date":"2025-02-07T11:10:11","date_gmt":"2025-02-07T10:10:11","guid":{"rendered":"https:\/\/storydox.de\/?p=1755"},"modified":"2025-04-23T12:43:33","modified_gmt":"2025-04-23T10:43:33","slug":"von-vorbildern-und-unserem-umgang-mit-der-vergangenheit","status":"publish","type":"post","link":"https:\/\/storydox.de\/en\/2025\/02\/07\/von-vorbildern-und-unserem-umgang-mit-der-vergangenheit\/","title":{"rendered":"Von Vorbildern und unserem Umgang mit der Vergangenheit"},"content":{"rendered":"\r\n<p>Wir haben wieder Vorbilder. Jedenfalls innerfamili\u00e4r sind Gro\u00dfv\u00e4ter, seltener M\u00fctter, angesagt. Ihre transgenerationelle Attraktion h\u00e4ngt an vielen Faktoren wie der Familienkonstellation und -tradition, die unterschiedlich lang und ausgepr\u00e4gt ist.<\/p>\r\n<p><strong>Aufstieg<\/strong><\/p>\r\n<p>Mein Gro\u00dfvater war auch mir ein Vorbild. Ein Vorbild an Pflichterf\u00fcllung, Zuverl\u00e4ssigkeit und Menschlichkeit. 1906 geboren, war er einer der Ersten der Familie, der au\u00dferhalb des Heimatdorfes (\u201e\u00fcwwer de Bahn\u201c), eine Ausbildung absolvierte. (Ein Sch\u00e4fer ist im 18. Jahrhundert in Paris verstorben. Wahrscheinlich auf der Wanderschaft.) Opa hat mit 14 die Schule verlassen. Trotz Ruhrbesetzung, Hyperinflation usw. hat er im Anschluss gar noch eine Landwirtschaftsschule in Kaiserslautern besucht. So ger\u00fcstet stieg er Mitte der 20er Jahre in den v\u00e4terlichen Betrieb ein. Er hat ihn \u00fcbernommen, ausgebaut und \u00fcbergeben. Anfang 2001 ist er verstorben.<\/p>\r\n<p><strong>Arbeit<\/strong><\/p>\r\n<p>\u00dcber 80 Jahre hat Gro\u00dfvater gearbeitet. T\u00e4glich, au\u00dfer Sonntag. Vor allem in den Weinbergen. Im Keller sah man ihn nur, wenn ihm das Wetter die Arbeit drau\u00dfen verwehrte. Kurz vor 8 Uhr raus, 12 Uhr zur\u00fcck, 13 Uhr wieder raus und um 17 Uhr zur\u00fcck. Im Winter, der im Oberrheingraben ja nicht so winterlich ist. Im Laufe des Jahres verschoben sich die Zeiten mit dem Sonnenstand und den Temperaturen. Fr\u00fcher raus, sp\u00e4ter heim. Wenn&#8217;s im Hochsommer zu hei\u00df wurde, auch eine l\u00e4ngere Siesta.<\/p>\r\n<p><strong>Unrecht?<\/strong><\/p>\r\n<p>Der von den Mettenheimer Kirchenglocken begleitete Tages- und Jahresrhythmus wurde nur einmal unterbrochen: 1940. Gro\u00dfvater musste in den Krieg. Zun\u00e4chst nach Frankreich, dann nach Russland. Vor Woronesch verwundet, kehrte er als \u201eSt\u00fctzpunktleiter\u201c in die Ukraine zur\u00fcck. Er hat tausende \u201eArbeiter\u201c bei der \u201eBefestigung der Dneperstellung [sic]\u201c unter seinem Kommando gehabt und gehalten, auch als am \u201ejenseitigen Ufer der Russe\u201c lag. Wie er seinen \u201eEinfluss\u201c geltend machte und die \u201eDisziplin\u201c aufrechterhielt, ist unklar. Zu Lebzeiten hat er im Gespr\u00e4ch mit einem Kameraden bekannt. \u201eEs war nicht recht, was wir getan haben.\u201c Vorbildlich?<\/p>\r\n<p><strong>Engagement<\/strong><\/p>\r\n<p>Sp\u00e4ter fand ich heraus, dass er schon 1932 in die \u201ePartei\u201c eingetreten war und zumindest zeitweise als \u201eOrtsbauernf\u00fchrer\u201c fungierte. Nach dem Zweiten Weltkrieg hat ihm eine franz\u00f6sische Spruchkammer die \u201eb\u00fcrgerlichen Ehrenrechte\u201c aberkannt, wie er sagte. Das hat ihn ge\u00e4rgert. Ob er sich aus diesem Grund wieder politisch engagiert hat, wei\u00df ich nicht. 18 Jahre diente er seiner Heimatgemeinde als ehrenamtlicher Ortsb\u00fcrgermeister, ausgezeichnet mit der Freiherr-vom-Stein-Plakette des Landes Rheinland-Pfalz f\u00fcr kommunalpolitisches Engagement. Ein Vorbild?<\/p>\r\n<p><strong>Geschichten ohne Geschichte<\/strong><\/p>\r\n<p>Seit Harald Welzer seine Untersuchung des \u201eNationalsozialismus und Holocaust im Familienged\u00e4chtnis\u201c ver\u00f6ffentlicht hat, wissen wir, wie \u201eVergangenheit im intergenerationellen Gespr\u00e4ch\u201c verhandelt wird. Geschichten ohne Geschichte. Opa war Nazi, vielleicht, zu einem Opfer der Umst\u00e4nde oder einem falschen Helden hat er sich nicht gemacht. (Heroisierung und Viktimisierung sind die g\u00e4ngigen Exkulpationsnarrative.) Ich denke, dass Opa einer der Opportunisten war, die in der \u201eBewegung\u201c Chancen sahen. Zum sozialen Aufstieg, wirtschaftlichen Erfolg und anderem. Vorbildlich?<\/p>\r\n<p><strong>Die Vergangenheit nicht beschweigen, sondern befragen<\/strong><\/p>\r\n<p>Ja, ein Vorbild (s.o.), ja, weil das gro\u00dfv\u00e4terliche Verhalten dem Enkel Anleitung war und ist: sich f\u00fcr die Demokratie zu engagieren, nicht jedem Gesch\u00e4ft nachzujagen und dem Frieden zu dienen.<\/p>\r\n<p>Das Vorbild mahnt auch, im intergenerationellen Gespr\u00e4ch die Vergangenheit nicht zu beschweigen, sondern offensiv zu befragen. Falsche Vorbilder schaden. Der Familie und ihrem Unternehmen. (cws)<\/p>\r\n<p><a href=\"https:\/\/storydox.de\/2023\/07\/27\/zukunft-braucht-herkunft-oder-wo-storydox-seine-wurzeln-hat\/\">Zukunft braucht Herkunft \u2013 oder: wo StoryDox seine Wurzeln hat<\/a><\/p>\r\n","protected":false},"excerpt":{"rendered":"<p>Wir haben wieder Vorbilder. Jedenfalls innerfamili\u00e4r sind Gro\u00dfv\u00e4ter, seltener M\u00fctter, angesagt. Ihre transgenerationelle Attraktion h\u00e4ngt an vielen Faktoren wie der Familienkonstellation und -tradition, die unterschiedlich lang und ausgepr\u00e4gt ist. Aufstieg Mein Gro\u00dfvater war auch mir ein Vorbild. Ein Vorbild an Pflichterf\u00fcllung, Zuverl\u00e4ssigkeit und Menschlichkeit. 1906 geboren, war er einer der Ersten der Familie, der au\u00dferhalb [&hellip;]<\/p>\n","protected":false},"author":2,"featured_media":1769,"comment_status":"closed","ping_status":"closed","sticky":false,"template":"","format":"standard","meta":{"_acf_changed":false,"footnotes":""},"categories":[4],"tags":[18,17,20,21,19],"class_list":["post-1755","post","type-post","status-publish","format-standard","has-post-thumbnail","hentry","category-reflexion","tag-erinnerung","tag-geschichte","tag-heritagecommunication","tag-historymarketing","tag-storytelling"],"acf":[],"yoast_head":"<!-- This site is optimized with the Yoast SEO plugin v27.4 - https:\/\/yoast.com\/product\/yoast-seo-wordpress\/ -->\n<title>Von Vorbildern und unserem Umgang mit der Vergangenheit - storydox.de<\/title>\n<meta name=\"description\" content=\"Gro\u00dfv\u00e4ter, seltener M\u00fctter, werden wieder gerne zu Vorbildern gemacht. Dank der intergenerationellen Attraktion. Aber Vorsicht. Das Familienged\u00e4chtnis ist kurz und fehlerhaft. Ein Beispiel.\" \/>\n<meta name=\"robots\" content=\"index, follow, max-snippet:-1, max-image-preview:large, max-video-preview:-1\" \/>\n<link rel=\"canonical\" href=\"https:\/\/storydox.de\/en\/2025\/02\/07\/von-vorbildern-und-unserem-umgang-mit-der-vergangenheit\/\" \/>\n<meta property=\"og:locale\" content=\"en_GB\" \/>\n<meta property=\"og:type\" content=\"article\" \/>\n<meta property=\"og:title\" content=\"Von Vorbildern und unserem Umgang mit der Vergangenheit - storydox.de\" \/>\n<meta property=\"og:description\" content=\"Gro\u00dfv\u00e4ter, seltener M\u00fctter, werden wieder gerne zu Vorbildern gemacht. Dank der intergenerationellen Attraktion. Aber Vorsicht. Das Familienged\u00e4chtnis ist kurz und fehlerhaft. Ein Beispiel.\" \/>\n<meta property=\"og:url\" content=\"https:\/\/storydox.de\/en\/2025\/02\/07\/von-vorbildern-und-unserem-umgang-mit-der-vergangenheit\/\" \/>\n<meta property=\"og:site_name\" content=\"storydox.de\" \/>\n<meta property=\"article:published_time\" content=\"2025-02-07T10:10:11+00:00\" \/>\n<meta property=\"article:modified_time\" content=\"2025-04-23T10:43:33+00:00\" \/>\n<meta property=\"og:image\" content=\"https:\/\/storydox.de\/wp-content\/uploads\/2025\/02\/Opa-scaled.jpg\" \/>\n\t<meta property=\"og:image:width\" content=\"2560\" \/>\n\t<meta property=\"og:image:height\" content=\"2252\" \/>\n\t<meta property=\"og:image:type\" content=\"image\/jpeg\" \/>\n<meta name=\"author\" content=\"Dr. Claus W. Sch\u00e4fer\" \/>\n<meta name=\"twitter:card\" content=\"summary_large_image\" \/>\n<meta name=\"twitter:label1\" content=\"Written by\" \/>\n\t<meta name=\"twitter:data1\" content=\"Dr. Claus W. Sch\u00e4fer\" \/>\n\t<meta name=\"twitter:label2\" content=\"Estimated reading time\" \/>\n\t<meta name=\"twitter:data2\" content=\"4 minutes\" \/>\n<script type=\"application\/ld+json\" class=\"yoast-schema-graph\">{\"@context\":\"https:\\\/\\\/schema.org\",\"@graph\":[{\"@type\":\"Article\",\"@id\":\"https:\\\/\\\/storydox.de\\\/2025\\\/02\\\/07\\\/von-vorbildern-und-unserem-umgang-mit-der-vergangenheit\\\/#article\",\"isPartOf\":{\"@id\":\"https:\\\/\\\/storydox.de\\\/2025\\\/02\\\/07\\\/von-vorbildern-und-unserem-umgang-mit-der-vergangenheit\\\/\"},\"author\":{\"name\":\"Dr. Claus W. Sch\u00e4fer\",\"@id\":\"https:\\\/\\\/storydox.de\\\/#\\\/schema\\\/person\\\/433f383d05c76f80a500a0e6d9daa214\"},\"headline\":\"Von Vorbildern und unserem Umgang mit der Vergangenheit\",\"datePublished\":\"2025-02-07T10:10:11+00:00\",\"dateModified\":\"2025-04-23T10:43:33+00:00\",\"mainEntityOfPage\":{\"@id\":\"https:\\\/\\\/storydox.de\\\/2025\\\/02\\\/07\\\/von-vorbildern-und-unserem-umgang-mit-der-vergangenheit\\\/\"},\"wordCount\":559,\"image\":{\"@id\":\"https:\\\/\\\/storydox.de\\\/2025\\\/02\\\/07\\\/von-vorbildern-und-unserem-umgang-mit-der-vergangenheit\\\/#primaryimage\"},\"thumbnailUrl\":\"https:\\\/\\\/storydox.de\\\/wp-content\\\/uploads\\\/2025\\\/02\\\/Opa-scaled.jpg\",\"keywords\":[\"Erinnerung\",\"Geschichte\",\"heritagecommunication\",\"historymarketing\",\"Storytelling\"],\"articleSection\":[\"Reflexion\"],\"inLanguage\":\"en-GB\"},{\"@type\":\"WebPage\",\"@id\":\"https:\\\/\\\/storydox.de\\\/2025\\\/02\\\/07\\\/von-vorbildern-und-unserem-umgang-mit-der-vergangenheit\\\/\",\"url\":\"https:\\\/\\\/storydox.de\\\/2025\\\/02\\\/07\\\/von-vorbildern-und-unserem-umgang-mit-der-vergangenheit\\\/\",\"name\":\"Von Vorbildern und unserem Umgang mit der Vergangenheit - storydox.de\",\"isPartOf\":{\"@id\":\"https:\\\/\\\/storydox.de\\\/#website\"},\"primaryImageOfPage\":{\"@id\":\"https:\\\/\\\/storydox.de\\\/2025\\\/02\\\/07\\\/von-vorbildern-und-unserem-umgang-mit-der-vergangenheit\\\/#primaryimage\"},\"image\":{\"@id\":\"https:\\\/\\\/storydox.de\\\/2025\\\/02\\\/07\\\/von-vorbildern-und-unserem-umgang-mit-der-vergangenheit\\\/#primaryimage\"},\"thumbnailUrl\":\"https:\\\/\\\/storydox.de\\\/wp-content\\\/uploads\\\/2025\\\/02\\\/Opa-scaled.jpg\",\"datePublished\":\"2025-02-07T10:10:11+00:00\",\"dateModified\":\"2025-04-23T10:43:33+00:00\",\"author\":{\"@id\":\"https:\\\/\\\/storydox.de\\\/#\\\/schema\\\/person\\\/433f383d05c76f80a500a0e6d9daa214\"},\"description\":\"Gro\u00dfv\u00e4ter, seltener M\u00fctter, werden wieder gerne zu Vorbildern gemacht. Dank der intergenerationellen Attraktion. Aber Vorsicht. Das Familienged\u00e4chtnis ist kurz und fehlerhaft. Ein Beispiel.\",\"breadcrumb\":{\"@id\":\"https:\\\/\\\/storydox.de\\\/2025\\\/02\\\/07\\\/von-vorbildern-und-unserem-umgang-mit-der-vergangenheit\\\/#breadcrumb\"},\"inLanguage\":\"en-GB\",\"potentialAction\":[{\"@type\":\"ReadAction\",\"target\":[\"https:\\\/\\\/storydox.de\\\/2025\\\/02\\\/07\\\/von-vorbildern-und-unserem-umgang-mit-der-vergangenheit\\\/\"]}]},{\"@type\":\"ImageObject\",\"inLanguage\":\"en-GB\",\"@id\":\"https:\\\/\\\/storydox.de\\\/2025\\\/02\\\/07\\\/von-vorbildern-und-unserem-umgang-mit-der-vergangenheit\\\/#primaryimage\",\"url\":\"https:\\\/\\\/storydox.de\\\/wp-content\\\/uploads\\\/2025\\\/02\\\/Opa-scaled.jpg\",\"contentUrl\":\"https:\\\/\\\/storydox.de\\\/wp-content\\\/uploads\\\/2025\\\/02\\\/Opa-scaled.jpg\",\"width\":2560,\"height\":2252},{\"@type\":\"BreadcrumbList\",\"@id\":\"https:\\\/\\\/storydox.de\\\/2025\\\/02\\\/07\\\/von-vorbildern-und-unserem-umgang-mit-der-vergangenheit\\\/#breadcrumb\",\"itemListElement\":[{\"@type\":\"ListItem\",\"position\":1,\"name\":\"Startseite\",\"item\":\"https:\\\/\\\/storydox.de\\\/\"},{\"@type\":\"ListItem\",\"position\":2,\"name\":\"Von Vorbildern und unserem Umgang mit der Vergangenheit\"}]},{\"@type\":\"WebSite\",\"@id\":\"https:\\\/\\\/storydox.de\\\/#website\",\"url\":\"https:\\\/\\\/storydox.de\\\/\",\"name\":\"storydox.de\",\"description\":\"\",\"potentialAction\":[{\"@type\":\"SearchAction\",\"target\":{\"@type\":\"EntryPoint\",\"urlTemplate\":\"https:\\\/\\\/storydox.de\\\/?s={search_term_string}\"},\"query-input\":{\"@type\":\"PropertyValueSpecification\",\"valueRequired\":true,\"valueName\":\"search_term_string\"}}],\"inLanguage\":\"en-GB\"},{\"@type\":\"Person\",\"@id\":\"https:\\\/\\\/storydox.de\\\/#\\\/schema\\\/person\\\/433f383d05c76f80a500a0e6d9daa214\",\"name\":\"Dr. Claus W. Sch\u00e4fer\",\"image\":{\"@type\":\"ImageObject\",\"inLanguage\":\"en-GB\",\"@id\":\"https:\\\/\\\/secure.gravatar.com\\\/avatar\\\/50f791b318b69223f42673538cd1744fb0ced553fa74e7bc2e07c496327607a2?s=96&d=mm&r=g\",\"url\":\"https:\\\/\\\/secure.gravatar.com\\\/avatar\\\/50f791b318b69223f42673538cd1744fb0ced553fa74e7bc2e07c496327607a2?s=96&d=mm&r=g\",\"contentUrl\":\"https:\\\/\\\/secure.gravatar.com\\\/avatar\\\/50f791b318b69223f42673538cd1744fb0ced553fa74e7bc2e07c496327607a2?s=96&d=mm&r=g\",\"caption\":\"Dr. Claus W. Sch\u00e4fer\"},\"url\":\"https:\\\/\\\/storydox.de\\\/en\\\/author\\\/25f230af17980c9f\\\/\"}]}<\/script>\n<!-- \/ Yoast SEO plugin. -->","yoast_head_json":{"title":"Von Vorbildern und unserem Umgang mit der Vergangenheit - storydox.de","description":"Gro\u00dfv\u00e4ter, seltener M\u00fctter, werden wieder gerne zu Vorbildern gemacht. Dank der intergenerationellen Attraktion. Aber Vorsicht. Das Familienged\u00e4chtnis ist kurz und fehlerhaft. Ein Beispiel.","robots":{"index":"index","follow":"follow","max-snippet":"max-snippet:-1","max-image-preview":"max-image-preview:large","max-video-preview":"max-video-preview:-1"},"canonical":"https:\/\/storydox.de\/en\/2025\/02\/07\/von-vorbildern-und-unserem-umgang-mit-der-vergangenheit\/","og_locale":"en_GB","og_type":"article","og_title":"Von Vorbildern und unserem Umgang mit der Vergangenheit - storydox.de","og_description":"Gro\u00dfv\u00e4ter, seltener M\u00fctter, werden wieder gerne zu Vorbildern gemacht. Dank der intergenerationellen Attraktion. Aber Vorsicht. Das Familienged\u00e4chtnis ist kurz und fehlerhaft. Ein Beispiel.","og_url":"https:\/\/storydox.de\/en\/2025\/02\/07\/von-vorbildern-und-unserem-umgang-mit-der-vergangenheit\/","og_site_name":"storydox.de","article_published_time":"2025-02-07T10:10:11+00:00","article_modified_time":"2025-04-23T10:43:33+00:00","og_image":[{"width":2560,"height":2252,"url":"https:\/\/storydox.de\/wp-content\/uploads\/2025\/02\/Opa-scaled.jpg","type":"image\/jpeg"}],"author":"Dr. Claus W. Sch\u00e4fer","twitter_card":"summary_large_image","twitter_misc":{"Written by":"Dr. Claus W. Sch\u00e4fer","Estimated reading time":"4 minutes"},"schema":{"@context":"https:\/\/schema.org","@graph":[{"@type":"Article","@id":"https:\/\/storydox.de\/2025\/02\/07\/von-vorbildern-und-unserem-umgang-mit-der-vergangenheit\/#article","isPartOf":{"@id":"https:\/\/storydox.de\/2025\/02\/07\/von-vorbildern-und-unserem-umgang-mit-der-vergangenheit\/"},"author":{"name":"Dr. Claus W. Sch\u00e4fer","@id":"https:\/\/storydox.de\/#\/schema\/person\/433f383d05c76f80a500a0e6d9daa214"},"headline":"Von Vorbildern und unserem Umgang mit der Vergangenheit","datePublished":"2025-02-07T10:10:11+00:00","dateModified":"2025-04-23T10:43:33+00:00","mainEntityOfPage":{"@id":"https:\/\/storydox.de\/2025\/02\/07\/von-vorbildern-und-unserem-umgang-mit-der-vergangenheit\/"},"wordCount":559,"image":{"@id":"https:\/\/storydox.de\/2025\/02\/07\/von-vorbildern-und-unserem-umgang-mit-der-vergangenheit\/#primaryimage"},"thumbnailUrl":"https:\/\/storydox.de\/wp-content\/uploads\/2025\/02\/Opa-scaled.jpg","keywords":["Erinnerung","Geschichte","heritagecommunication","historymarketing","Storytelling"],"articleSection":["Reflexion"],"inLanguage":"en-GB"},{"@type":"WebPage","@id":"https:\/\/storydox.de\/2025\/02\/07\/von-vorbildern-und-unserem-umgang-mit-der-vergangenheit\/","url":"https:\/\/storydox.de\/2025\/02\/07\/von-vorbildern-und-unserem-umgang-mit-der-vergangenheit\/","name":"Von Vorbildern und unserem Umgang mit der Vergangenheit - storydox.de","isPartOf":{"@id":"https:\/\/storydox.de\/#website"},"primaryImageOfPage":{"@id":"https:\/\/storydox.de\/2025\/02\/07\/von-vorbildern-und-unserem-umgang-mit-der-vergangenheit\/#primaryimage"},"image":{"@id":"https:\/\/storydox.de\/2025\/02\/07\/von-vorbildern-und-unserem-umgang-mit-der-vergangenheit\/#primaryimage"},"thumbnailUrl":"https:\/\/storydox.de\/wp-content\/uploads\/2025\/02\/Opa-scaled.jpg","datePublished":"2025-02-07T10:10:11+00:00","dateModified":"2025-04-23T10:43:33+00:00","author":{"@id":"https:\/\/storydox.de\/#\/schema\/person\/433f383d05c76f80a500a0e6d9daa214"},"description":"Gro\u00dfv\u00e4ter, seltener M\u00fctter, werden wieder gerne zu Vorbildern gemacht. Dank der intergenerationellen Attraktion. Aber Vorsicht. Das Familienged\u00e4chtnis ist kurz und fehlerhaft. Ein Beispiel.","breadcrumb":{"@id":"https:\/\/storydox.de\/2025\/02\/07\/von-vorbildern-und-unserem-umgang-mit-der-vergangenheit\/#breadcrumb"},"inLanguage":"en-GB","potentialAction":[{"@type":"ReadAction","target":["https:\/\/storydox.de\/2025\/02\/07\/von-vorbildern-und-unserem-umgang-mit-der-vergangenheit\/"]}]},{"@type":"ImageObject","inLanguage":"en-GB","@id":"https:\/\/storydox.de\/2025\/02\/07\/von-vorbildern-und-unserem-umgang-mit-der-vergangenheit\/#primaryimage","url":"https:\/\/storydox.de\/wp-content\/uploads\/2025\/02\/Opa-scaled.jpg","contentUrl":"https:\/\/storydox.de\/wp-content\/uploads\/2025\/02\/Opa-scaled.jpg","width":2560,"height":2252},{"@type":"BreadcrumbList","@id":"https:\/\/storydox.de\/2025\/02\/07\/von-vorbildern-und-unserem-umgang-mit-der-vergangenheit\/#breadcrumb","itemListElement":[{"@type":"ListItem","position":1,"name":"Startseite","item":"https:\/\/storydox.de\/"},{"@type":"ListItem","position":2,"name":"Von Vorbildern und unserem Umgang mit der Vergangenheit"}]},{"@type":"WebSite","@id":"https:\/\/storydox.de\/#website","url":"https:\/\/storydox.de\/","name":"storydox.de","description":"","potentialAction":[{"@type":"SearchAction","target":{"@type":"EntryPoint","urlTemplate":"https:\/\/storydox.de\/?s={search_term_string}"},"query-input":{"@type":"PropertyValueSpecification","valueRequired":true,"valueName":"search_term_string"}}],"inLanguage":"en-GB"},{"@type":"Person","@id":"https:\/\/storydox.de\/#\/schema\/person\/433f383d05c76f80a500a0e6d9daa214","name":"Dr. Claus W. Sch\u00e4fer","image":{"@type":"ImageObject","inLanguage":"en-GB","@id":"https:\/\/secure.gravatar.com\/avatar\/50f791b318b69223f42673538cd1744fb0ced553fa74e7bc2e07c496327607a2?s=96&d=mm&r=g","url":"https:\/\/secure.gravatar.com\/avatar\/50f791b318b69223f42673538cd1744fb0ced553fa74e7bc2e07c496327607a2?s=96&d=mm&r=g","contentUrl":"https:\/\/secure.gravatar.com\/avatar\/50f791b318b69223f42673538cd1744fb0ced553fa74e7bc2e07c496327607a2?s=96&d=mm&r=g","caption":"Dr. Claus W. Sch\u00e4fer"},"url":"https:\/\/storydox.de\/en\/author\/25f230af17980c9f\/"}]}},"views":66,"_links":{"self":[{"href":"https:\/\/storydox.de\/en\/wp-json\/wp\/v2\/posts\/1755","targetHints":{"allow":["GET"]}}],"collection":[{"href":"https:\/\/storydox.de\/en\/wp-json\/wp\/v2\/posts"}],"about":[{"href":"https:\/\/storydox.de\/en\/wp-json\/wp\/v2\/types\/post"}],"author":[{"embeddable":true,"href":"https:\/\/storydox.de\/en\/wp-json\/wp\/v2\/users\/2"}],"replies":[{"embeddable":true,"href":"https:\/\/storydox.de\/en\/wp-json\/wp\/v2\/comments?post=1755"}],"version-history":[{"count":9,"href":"https:\/\/storydox.de\/en\/wp-json\/wp\/v2\/posts\/1755\/revisions"}],"predecessor-version":[{"id":2001,"href":"https:\/\/storydox.de\/en\/wp-json\/wp\/v2\/posts\/1755\/revisions\/2001"}],"wp:featuredmedia":[{"embeddable":true,"href":"https:\/\/storydox.de\/en\/wp-json\/wp\/v2\/media\/1769"}],"wp:attachment":[{"href":"https:\/\/storydox.de\/en\/wp-json\/wp\/v2\/media?parent=1755"}],"wp:term":[{"taxonomy":"category","embeddable":true,"href":"https:\/\/storydox.de\/en\/wp-json\/wp\/v2\/categories?post=1755"},{"taxonomy":"post_tag","embeddable":true,"href":"https:\/\/storydox.de\/en\/wp-json\/wp\/v2\/tags?post=1755"}],"curies":[{"name":"wp","href":"https:\/\/api.w.org\/{rel}","templated":true}]}}